{"id":26074,"date":"2024-12-04T14:45:42","date_gmt":"2024-12-04T14:45:42","guid":{"rendered":"https:\/\/aiscertificacion.com\/agora-bienestar-certified-with-ais\/"},"modified":"2024-12-13T10:48:44","modified_gmt":"2024-12-13T10:48:44","slug":"agora-bienestar-certified-with-ais","status":"publish","type":"post","link":"https:\/\/aiscertificacion.com\/en\/agora-bienestar-certified-with-ais\/","title":{"rendered":"\u00c1gora Bienestar, certified with AIS"},"content":{"rendered":"\n<h2 class=\"wp-block-heading has-medium-font-size\" id=\"h-agora-bienestar-cuya-celebracion-coincidio-con-el-dia-internacional-de-las-personas-con-discapacidad-obtuvo-el-certificado-ais-de-accesibilidad-dentro-de-su-compromiso-con-la-inclusion\">\u00c1gora Bienestar, whose celebration coincided with the International Day of Persons with Disabilities, obtained the AIS certificate of accessibility as part of its commitment to inclusion.<\/h2>\n\n<p>AIS assesses the accessibility conditions of goods, services and products with a holistic view that includes physical, sensory and cognitive aspects. Specifically, the AIS 1\/2023 Standard, which applies to built-up areas, has a specific category for Events and Congresses that has some particularities, such as its validity, which is limited to the duration of the event.<\/p>\n\n<p>The aim of the \u00c1gora Bienestar organisers in certifying this event was to ensure that participants could access and move around the event, enjoy the talks and materials and participate in all the activities with the greatest possible degree of autonomy, taking into account the structural characteristics of the space in which the congress is held and the ephemeral nature of the certificate.<\/p>\n\n<h3 class=\"wp-block-heading has-medium-font-size\" id=\"h-accesibilidad-en-eventos\">Accessibility at events<\/h3>\n\n<p>Among the measures that were verified in \u00c1gora Bienestar, we can highlight an accessible point of attention with a magnetic induction loop, the presence of a sign language interpreter, QR code in the programme, preferential area for people with disabilities in the catering, accessible signage&#8230;<\/p>\n\n<div class=\"wp-block-columns is-layout-flex wp-container-core-columns-is-layout-28f84493 wp-block-columns-is-layout-flex\">\n<div class=\"wp-block-column is-layout-flow wp-block-column-is-layout-flow\">\n<figure class=\"wp-block-image size-large\"><img loading=\"lazy\" decoding=\"async\" width=\"1024\" height=\"768\" src=\"https:\/\/aiscertificacion.com\/wp-content\/uploads\/2024\/12\/interprete_baja-1-1024x768.jpg\" alt=\"\" class=\"wp-image-26063\" srcset=\"https:\/\/aiscertificacion.com\/wp-content\/uploads\/2024\/12\/interprete_baja-1-1024x768.jpg 1024w, https:\/\/aiscertificacion.com\/wp-content\/uploads\/2024\/12\/interprete_baja-1-300x225.jpg 300w, https:\/\/aiscertificacion.com\/wp-content\/uploads\/2024\/12\/interprete_baja-1-768x576.jpg 768w, https:\/\/aiscertificacion.com\/wp-content\/uploads\/2024\/12\/interprete_baja-1-1536x1152.jpg 1536w, https:\/\/aiscertificacion.com\/wp-content\/uploads\/2024\/12\/interprete_baja-1-2048x1536.jpg 2048w\" sizes=\"auto, (max-width: 1024px) 100vw, 1024px\" \/><\/figure><\/div>\n\n\n\n<div class=\"wp-block-column is-layout-flow wp-block-column-is-layout-flow\">\n<figure class=\"wp-block-image size-large\"><img loading=\"lazy\" decoding=\"async\" width=\"1024\" height=\"768\" src=\"https:\/\/aiscertificacion.com\/wp-content\/uploads\/2024\/12\/puntoaccesible_baja-1024x768.jpg\" alt=\"\" class=\"wp-image-26065\" srcset=\"https:\/\/aiscertificacion.com\/wp-content\/uploads\/2024\/12\/puntoaccesible_baja-1024x768.jpg 1024w, https:\/\/aiscertificacion.com\/wp-content\/uploads\/2024\/12\/puntoaccesible_baja-300x225.jpg 300w, https:\/\/aiscertificacion.com\/wp-content\/uploads\/2024\/12\/puntoaccesible_baja-768x576.jpg 768w, https:\/\/aiscertificacion.com\/wp-content\/uploads\/2024\/12\/puntoaccesible_baja-1536x1152.jpg 1536w, https:\/\/aiscertificacion.com\/wp-content\/uploads\/2024\/12\/puntoaccesible_baja-2048x1536.jpg 2048w\" sizes=\"auto, (max-width: 1024px) 100vw, 1024px\" \/><\/figure><\/div>\n<\/div>\n\n<p>\u2018Agora Bienestar demonstrates its commitment to people by certifying the event,\u2019 explained Esther Bienes Pinedo, director of Fundaci\u00f3n ARS. \u2018The AIS certificate puts into practice two words that make great sense, but are sometimes difficult to put into practice: diversity and inclusion. AIS makes them happen,\u2019 she added.<\/p>\n\n<h4 class=\"wp-block-heading has-medium-font-size\" id=\"h-mas-informacion\">More information<\/h4>\n\n<ul class=\"wp-block-list\">\n<li><a href=\"https:\/\/aiscertificacion.com\/en\/agora-bienestar-a-congress-committed-to-accessibility\/\">\u00c1gora Bienestar, a congress committed to accessibility.<\/a><\/li>\n\n\n\n<li><strong><a href=\"https:\/\/aiscertificacion.com\/los-eventos-congresos-certificarse_accesibilidad-ais\/\">Events and congresses can be accessibility certified with AIS<\/a><\/strong><\/li>\n\n\n\n<li><a href=\"https:\/\/www.agorabienestar.es\/certificado-ais\/\">Interview with Esther Bienes, president of FARS, on \u00c1gora Bienestar&#8217;s AIS certification.<\/a><\/li>\n<\/ul>\n\n<p><\/p>\n","protected":false},"excerpt":{"rendered":"<p>\u00c1gora Bienestar, whose celebration coincided with the International Day of Persons with Disabilities, obtained the AIS certificate of accessibility as part of its commitment to inclusion. AIS assesses the accessibility conditions of goods, services and products with a holistic view that includes physical, sensory and cognitive aspects. Specifically, the AIS 1\/2023 Standard, which applies to [&hellip;]<\/p>\n","protected":false},"author":3,"featured_media":26115,"comment_status":"open","ping_status":"open","sticky":false,"template":"","format":"standard","meta":{"footnotes":""},"categories":[299,1],"tags":[],"class_list":["post-26074","post","type-post","status-publish","format-standard","has-post-thumbnail","hentry","category-certified-event","category-sin-categorizar"],"yoast_head":"<!-- This site is optimized with the Yoast SEO Premium plugin v26.8 (Yoast SEO v26.8) - https:\/\/yoast.com\/product\/yoast-seo-premium-wordpress\/ -->\n<title>\u00c1gora Bienestar, certified with AIS - AIS Certificaci\u00f3n<\/title>\n<meta name=\"description\" content=\"\u00c1gora Bienestar, held on the 3rd, has achieved the AIS certificate of accessibility in the Events and Congresses category.\" \/>\n<meta name=\"robots\" content=\"index, follow, max-snippet:-1, max-image-preview:large, max-video-preview:-1\" \/>\n<link rel=\"canonical\" href=\"https:\/\/aiscertificacion.com\/en\/agora-bienestar-certified-with-ais\/\" \/>\n<meta property=\"og:locale\" content=\"en_US\" \/>\n<meta property=\"og:type\" content=\"article\" \/>\n<meta property=\"og:title\" content=\"\u00c1gora Bienestar, certified with AIS\" \/>\n<meta property=\"og:description\" content=\"\u00c1gora Bienestar, held on the 3rd, has achieved the AIS certificate of accessibility in the Events and Congresses category.\" \/>\n<meta property=\"og:url\" content=\"https:\/\/aiscertificacion.com\/en\/agora-bienestar-certified-with-ais\/\" \/>\n<meta property=\"og:site_name\" content=\"AIS Certificaci\u00f3n\" \/>\n<meta property=\"article:published_time\" content=\"2024-12-04T14:45:42+00:00\" \/>\n<meta property=\"article:modified_time\" content=\"2024-12-13T10:48:44+00:00\" \/>\n<meta property=\"og:image\" content=\"https:\/\/aiscertificacion.com\/wp-content\/uploads\/2024\/12\/agora-bienestar_0022-scaled-1.jpg\" \/>\n\t<meta property=\"og:image:width\" content=\"1707\" \/>\n\t<meta property=\"og:image:height\" content=\"1115\" \/>\n\t<meta property=\"og:image:type\" content=\"image\/jpeg\" \/>\n<meta name=\"author\" content=\"Liliana Pellicer\" \/>\n<meta name=\"twitter:card\" content=\"summary_large_image\" \/>\n<meta name=\"twitter:creator\" content=\"@aiscertificate\" \/>\n<meta name=\"twitter:site\" content=\"@aiscertificate\" \/>\n<meta name=\"twitter:label1\" content=\"Written by\" \/>\n\t<meta name=\"twitter:data1\" content=\"Liliana Pellicer\" \/>\n\t<meta name=\"twitter:label2\" content=\"Est. reading time\" \/>\n\t<meta name=\"twitter:data2\" content=\"1 minute\" \/>\n<script type=\"application\/ld+json\" class=\"yoast-schema-graph\">{\"@context\":\"https:\/\/schema.org\",\"@graph\":[{\"@type\":\"Article\",\"@id\":\"https:\/\/aiscertificacion.com\/en\/agora-bienestar-certified-with-ais\/#article\",\"isPartOf\":{\"@id\":\"https:\/\/aiscertificacion.com\/en\/agora-bienestar-certified-with-ais\/\"},\"author\":{\"name\":\"Liliana Pellicer\",\"@id\":\"https:\/\/aiscertificacion.com\/en\/#\/schema\/person\/0d12531eb52b2cfc9c46ae48a4b79a53\"},\"headline\":\"\u00c1gora Bienestar, certified with AIS\",\"datePublished\":\"2024-12-04T14:45:42+00:00\",\"dateModified\":\"2024-12-13T10:48:44+00:00\",\"mainEntityOfPage\":{\"@id\":\"https:\/\/aiscertificacion.com\/en\/agora-bienestar-certified-with-ais\/\"},\"wordCount\":276,\"commentCount\":0,\"publisher\":{\"@id\":\"https:\/\/aiscertificacion.com\/en\/#organization\"},\"image\":{\"@id\":\"https:\/\/aiscertificacion.com\/en\/agora-bienestar-certified-with-ais\/#primaryimage\"},\"thumbnailUrl\":\"https:\/\/aiscertificacion.com\/wp-content\/uploads\/2024\/12\/agora-bienestar_0022-scaled-1.jpg\",\"articleSection\":[\"Certified event\",\"Sin categorizar\"],\"inLanguage\":\"en-US\",\"potentialAction\":[{\"@type\":\"CommentAction\",\"name\":\"Comment\",\"target\":[\"https:\/\/aiscertificacion.com\/en\/agora-bienestar-certified-with-ais\/#respond\"]}]},{\"@type\":\"WebPage\",\"@id\":\"https:\/\/aiscertificacion.com\/en\/agora-bienestar-certified-with-ais\/\",\"url\":\"https:\/\/aiscertificacion.com\/en\/agora-bienestar-certified-with-ais\/\",\"name\":\"\u00c1gora Bienestar, certified with AIS - AIS Certificaci\u00f3n\",\"isPartOf\":{\"@id\":\"https:\/\/aiscertificacion.com\/en\/#website\"},\"primaryImageOfPage\":{\"@id\":\"https:\/\/aiscertificacion.com\/en\/agora-bienestar-certified-with-ais\/#primaryimage\"},\"image\":{\"@id\":\"https:\/\/aiscertificacion.com\/en\/agora-bienestar-certified-with-ais\/#primaryimage\"},\"thumbnailUrl\":\"https:\/\/aiscertificacion.com\/wp-content\/uploads\/2024\/12\/agora-bienestar_0022-scaled-1.jpg\",\"datePublished\":\"2024-12-04T14:45:42+00:00\",\"dateModified\":\"2024-12-13T10:48:44+00:00\",\"description\":\"\u00c1gora Bienestar, held on the 3rd, has achieved the AIS certificate of accessibility in the Events and Congresses category.\",\"breadcrumb\":{\"@id\":\"https:\/\/aiscertificacion.com\/en\/agora-bienestar-certified-with-ais\/#breadcrumb\"},\"inLanguage\":\"en-US\",\"potentialAction\":[{\"@type\":\"ReadAction\",\"target\":[\"https:\/\/aiscertificacion.com\/en\/agora-bienestar-certified-with-ais\/\"]}]},{\"@type\":\"ImageObject\",\"inLanguage\":\"en-US\",\"@id\":\"https:\/\/aiscertificacion.com\/en\/agora-bienestar-certified-with-ais\/#primaryimage\",\"url\":\"https:\/\/aiscertificacion.com\/wp-content\/uploads\/2024\/12\/agora-bienestar_0022-scaled-1.jpg\",\"contentUrl\":\"https:\/\/aiscertificacion.com\/wp-content\/uploads\/2024\/12\/agora-bienestar_0022-scaled-1.jpg\",\"width\":1707,\"height\":1115,\"caption\":\"Esther Bienes entrega la placa a la directora de \u00c1gora Bienestar\"},{\"@type\":\"BreadcrumbList\",\"@id\":\"https:\/\/aiscertificacion.com\/en\/agora-bienestar-certified-with-ais\/#breadcrumb\",\"itemListElement\":[{\"@type\":\"ListItem\",\"position\":1,\"name\":\"Portada\",\"item\":\"https:\/\/aiscertificacion.com\/en\/\"},{\"@type\":\"ListItem\",\"position\":2,\"name\":\"\u00c1gora Bienestar, certified with AIS\"}]},{\"@type\":\"WebSite\",\"@id\":\"https:\/\/aiscertificacion.com\/en\/#website\",\"url\":\"https:\/\/aiscertificacion.com\/en\/\",\"name\":\"AIS Certificaci\u00f3n\",\"description\":\"AIS Certificaci\u00f3n ofrece servicios especializados en accesibilidad, tanto f\u00edsica como digital, garantizando el cumplimiento de normativas internacionales. A trav\u00e9s de sus certificaciones, ayudan a las organizaciones a crear entornos inclusivos, mejorando la experiencia de todas las personas, incluidas aquellas con discapacidades, y asegurando que sus instalaciones y plataformas digitales sean accesibles para todos.\",\"publisher\":{\"@id\":\"https:\/\/aiscertificacion.com\/en\/#organization\"},\"alternateName\":\"AIS\",\"potentialAction\":[{\"@type\":\"SearchAction\",\"target\":{\"@type\":\"EntryPoint\",\"urlTemplate\":\"https:\/\/aiscertificacion.com\/en\/?s={search_term_string}\"},\"query-input\":{\"@type\":\"PropertyValueSpecification\",\"valueRequired\":true,\"valueName\":\"search_term_string\"}}],\"inLanguage\":\"en-US\"},{\"@type\":\"Organization\",\"@id\":\"https:\/\/aiscertificacion.com\/en\/#organization\",\"name\":\"AIS Certificaci\u00f3n\",\"alternateName\":\"AIS\",\"url\":\"https:\/\/aiscertificacion.com\/en\/\",\"logo\":{\"@type\":\"ImageObject\",\"inLanguage\":\"en-US\",\"@id\":\"https:\/\/aiscertificacion.com\/en\/#\/schema\/logo\/image\/\",\"url\":\"https:\/\/aiscertificacion.com\/wp-content\/uploads\/2024\/07\/cropped-Logo-AIS.png\",\"contentUrl\":\"https:\/\/aiscertificacion.com\/wp-content\/uploads\/2024\/07\/cropped-Logo-AIS.png\",\"width\":512,\"height\":512,\"caption\":\"AIS Certificaci\u00f3n\"},\"image\":{\"@id\":\"https:\/\/aiscertificacion.com\/en\/#\/schema\/logo\/image\/\"},\"sameAs\":[\"https:\/\/x.com\/aiscertificate\",\"https:\/\/www.youtube.com\/channel\/UCPDJy-hzmTRWhI1uTTeek5Q\",\"https:\/\/www.linkedin.com\/showcase\/aiscertificacion\/posts\/?feedView=all\"]},{\"@type\":\"Person\",\"@id\":\"https:\/\/aiscertificacion.com\/en\/#\/schema\/person\/0d12531eb52b2cfc9c46ae48a4b79a53\",\"name\":\"Liliana Pellicer\",\"image\":{\"@type\":\"ImageObject\",\"inLanguage\":\"en-US\",\"@id\":\"https:\/\/aiscertificacion.com\/en\/#\/schema\/person\/image\/\",\"url\":\"https:\/\/secure.gravatar.com\/avatar\/386eb3d29bbf39f665325bb134b7032218422558eea16b88a574d4d1150c2067?s=96&d=mm&r=g\",\"contentUrl\":\"https:\/\/secure.gravatar.com\/avatar\/386eb3d29bbf39f665325bb134b7032218422558eea16b88a574d4d1150c2067?s=96&d=mm&r=g\",\"caption\":\"Liliana Pellicer\"},\"url\":\"https:\/\/aiscertificacion.com\/en\/author\/liliana\/\"}]}<\/script>\n<!-- \/ Yoast SEO Premium plugin. -->","yoast_head_json":{"title":"\u00c1gora Bienestar, certified with AIS - AIS Certificaci\u00f3n","description":"\u00c1gora Bienestar, held on the 3rd, has achieved the AIS certificate of accessibility in the Events and Congresses category.","robots":{"index":"index","follow":"follow","max-snippet":"max-snippet:-1","max-image-preview":"max-image-preview:large","max-video-preview":"max-video-preview:-1"},"canonical":"https:\/\/aiscertificacion.com\/en\/agora-bienestar-certified-with-ais\/","og_locale":"en_US","og_type":"article","og_title":"\u00c1gora Bienestar, certified with AIS","og_description":"\u00c1gora Bienestar, held on the 3rd, has achieved the AIS certificate of accessibility in the Events and Congresses category.","og_url":"https:\/\/aiscertificacion.com\/en\/agora-bienestar-certified-with-ais\/","og_site_name":"AIS Certificaci\u00f3n","article_published_time":"2024-12-04T14:45:42+00:00","article_modified_time":"2024-12-13T10:48:44+00:00","og_image":[{"width":1707,"height":1115,"url":"https:\/\/aiscertificacion.com\/wp-content\/uploads\/2024\/12\/agora-bienestar_0022-scaled-1.jpg","type":"image\/jpeg"}],"author":"Liliana Pellicer","twitter_card":"summary_large_image","twitter_creator":"@aiscertificate","twitter_site":"@aiscertificate","twitter_misc":{"Written by":"Liliana Pellicer","Est. reading time":"1 minute"},"schema":{"@context":"https:\/\/schema.org","@graph":[{"@type":"Article","@id":"https:\/\/aiscertificacion.com\/en\/agora-bienestar-certified-with-ais\/#article","isPartOf":{"@id":"https:\/\/aiscertificacion.com\/en\/agora-bienestar-certified-with-ais\/"},"author":{"name":"Liliana Pellicer","@id":"https:\/\/aiscertificacion.com\/en\/#\/schema\/person\/0d12531eb52b2cfc9c46ae48a4b79a53"},"headline":"\u00c1gora Bienestar, certified with AIS","datePublished":"2024-12-04T14:45:42+00:00","dateModified":"2024-12-13T10:48:44+00:00","mainEntityOfPage":{"@id":"https:\/\/aiscertificacion.com\/en\/agora-bienestar-certified-with-ais\/"},"wordCount":276,"commentCount":0,"publisher":{"@id":"https:\/\/aiscertificacion.com\/en\/#organization"},"image":{"@id":"https:\/\/aiscertificacion.com\/en\/agora-bienestar-certified-with-ais\/#primaryimage"},"thumbnailUrl":"https:\/\/aiscertificacion.com\/wp-content\/uploads\/2024\/12\/agora-bienestar_0022-scaled-1.jpg","articleSection":["Certified event","Sin categorizar"],"inLanguage":"en-US","potentialAction":[{"@type":"CommentAction","name":"Comment","target":["https:\/\/aiscertificacion.com\/en\/agora-bienestar-certified-with-ais\/#respond"]}]},{"@type":"WebPage","@id":"https:\/\/aiscertificacion.com\/en\/agora-bienestar-certified-with-ais\/","url":"https:\/\/aiscertificacion.com\/en\/agora-bienestar-certified-with-ais\/","name":"\u00c1gora Bienestar, certified with AIS - AIS Certificaci\u00f3n","isPartOf":{"@id":"https:\/\/aiscertificacion.com\/en\/#website"},"primaryImageOfPage":{"@id":"https:\/\/aiscertificacion.com\/en\/agora-bienestar-certified-with-ais\/#primaryimage"},"image":{"@id":"https:\/\/aiscertificacion.com\/en\/agora-bienestar-certified-with-ais\/#primaryimage"},"thumbnailUrl":"https:\/\/aiscertificacion.com\/wp-content\/uploads\/2024\/12\/agora-bienestar_0022-scaled-1.jpg","datePublished":"2024-12-04T14:45:42+00:00","dateModified":"2024-12-13T10:48:44+00:00","description":"\u00c1gora Bienestar, held on the 3rd, has achieved the AIS certificate of accessibility in the Events and Congresses category.","breadcrumb":{"@id":"https:\/\/aiscertificacion.com\/en\/agora-bienestar-certified-with-ais\/#breadcrumb"},"inLanguage":"en-US","potentialAction":[{"@type":"ReadAction","target":["https:\/\/aiscertificacion.com\/en\/agora-bienestar-certified-with-ais\/"]}]},{"@type":"ImageObject","inLanguage":"en-US","@id":"https:\/\/aiscertificacion.com\/en\/agora-bienestar-certified-with-ais\/#primaryimage","url":"https:\/\/aiscertificacion.com\/wp-content\/uploads\/2024\/12\/agora-bienestar_0022-scaled-1.jpg","contentUrl":"https:\/\/aiscertificacion.com\/wp-content\/uploads\/2024\/12\/agora-bienestar_0022-scaled-1.jpg","width":1707,"height":1115,"caption":"Esther Bienes entrega la placa a la directora de \u00c1gora Bienestar"},{"@type":"BreadcrumbList","@id":"https:\/\/aiscertificacion.com\/en\/agora-bienestar-certified-with-ais\/#breadcrumb","itemListElement":[{"@type":"ListItem","position":1,"name":"Portada","item":"https:\/\/aiscertificacion.com\/en\/"},{"@type":"ListItem","position":2,"name":"\u00c1gora Bienestar, certified with AIS"}]},{"@type":"WebSite","@id":"https:\/\/aiscertificacion.com\/en\/#website","url":"https:\/\/aiscertificacion.com\/en\/","name":"AIS Certificaci\u00f3n","description":"AIS Certificaci\u00f3n ofrece servicios especializados en accesibilidad, tanto f\u00edsica como digital, garantizando el cumplimiento de normativas internacionales. A trav\u00e9s de sus certificaciones, ayudan a las organizaciones a crear entornos inclusivos, mejorando la experiencia de todas las personas, incluidas aquellas con discapacidades, y asegurando que sus instalaciones y plataformas digitales sean accesibles para todos.","publisher":{"@id":"https:\/\/aiscertificacion.com\/en\/#organization"},"alternateName":"AIS","potentialAction":[{"@type":"SearchAction","target":{"@type":"EntryPoint","urlTemplate":"https:\/\/aiscertificacion.com\/en\/?s={search_term_string}"},"query-input":{"@type":"PropertyValueSpecification","valueRequired":true,"valueName":"search_term_string"}}],"inLanguage":"en-US"},{"@type":"Organization","@id":"https:\/\/aiscertificacion.com\/en\/#organization","name":"AIS Certificaci\u00f3n","alternateName":"AIS","url":"https:\/\/aiscertificacion.com\/en\/","logo":{"@type":"ImageObject","inLanguage":"en-US","@id":"https:\/\/aiscertificacion.com\/en\/#\/schema\/logo\/image\/","url":"https:\/\/aiscertificacion.com\/wp-content\/uploads\/2024\/07\/cropped-Logo-AIS.png","contentUrl":"https:\/\/aiscertificacion.com\/wp-content\/uploads\/2024\/07\/cropped-Logo-AIS.png","width":512,"height":512,"caption":"AIS Certificaci\u00f3n"},"image":{"@id":"https:\/\/aiscertificacion.com\/en\/#\/schema\/logo\/image\/"},"sameAs":["https:\/\/x.com\/aiscertificate","https:\/\/www.youtube.com\/channel\/UCPDJy-hzmTRWhI1uTTeek5Q","https:\/\/www.linkedin.com\/showcase\/aiscertificacion\/posts\/?feedView=all"]},{"@type":"Person","@id":"https:\/\/aiscertificacion.com\/en\/#\/schema\/person\/0d12531eb52b2cfc9c46ae48a4b79a53","name":"Liliana Pellicer","image":{"@type":"ImageObject","inLanguage":"en-US","@id":"https:\/\/aiscertificacion.com\/en\/#\/schema\/person\/image\/","url":"https:\/\/secure.gravatar.com\/avatar\/386eb3d29bbf39f665325bb134b7032218422558eea16b88a574d4d1150c2067?s=96&d=mm&r=g","contentUrl":"https:\/\/secure.gravatar.com\/avatar\/386eb3d29bbf39f665325bb134b7032218422558eea16b88a574d4d1150c2067?s=96&d=mm&r=g","caption":"Liliana Pellicer"},"url":"https:\/\/aiscertificacion.com\/en\/author\/liliana\/"}]}},"_links":{"self":[{"href":"https:\/\/aiscertificacion.com\/en\/wp-json\/wp\/v2\/posts\/26074","targetHints":{"allow":["GET"]}}],"collection":[{"href":"https:\/\/aiscertificacion.com\/en\/wp-json\/wp\/v2\/posts"}],"about":[{"href":"https:\/\/aiscertificacion.com\/en\/wp-json\/wp\/v2\/types\/post"}],"author":[{"embeddable":true,"href":"https:\/\/aiscertificacion.com\/en\/wp-json\/wp\/v2\/users\/3"}],"replies":[{"embeddable":true,"href":"https:\/\/aiscertificacion.com\/en\/wp-json\/wp\/v2\/comments?post=26074"}],"version-history":[{"count":1,"href":"https:\/\/aiscertificacion.com\/en\/wp-json\/wp\/v2\/posts\/26074\/revisions"}],"predecessor-version":[{"id":26075,"href":"https:\/\/aiscertificacion.com\/en\/wp-json\/wp\/v2\/posts\/26074\/revisions\/26075"}],"wp:featuredmedia":[{"embeddable":true,"href":"https:\/\/aiscertificacion.com\/en\/wp-json\/wp\/v2\/media\/26115"}],"wp:attachment":[{"href":"https:\/\/aiscertificacion.com\/en\/wp-json\/wp\/v2\/media?parent=26074"}],"wp:term":[{"taxonomy":"category","embeddable":true,"href":"https:\/\/aiscertificacion.com\/en\/wp-json\/wp\/v2\/categories?post=26074"},{"taxonomy":"post_tag","embeddable":true,"href":"https:\/\/aiscertificacion.com\/en\/wp-json\/wp\/v2\/tags?post=26074"}],"curies":[{"name":"wp","href":"https:\/\/api.w.org\/{rel}","templated":true}]}}