{"id":26132,"date":"2024-12-16T10:19:21","date_gmt":"2024-12-16T10:19:21","guid":{"rendered":"https:\/\/aiscertificacion.com\/accessibility-by-use-people-at-the-centre\/"},"modified":"2024-12-16T10:28:29","modified_gmt":"2024-12-16T10:28:29","slug":"accessibility-by-use-people-at-the-centre","status":"publish","type":"post","link":"https:\/\/aiscertificacion.com\/en\/accessibility-by-use-people-at-the-centre\/","title":{"rendered":"Accessibility by use: people at the centre"},"content":{"rendered":"\n<p>The person must be placed at the centre. This is one of the conclusions of the round table \u2018Accessibility by use\u2019, which took place on 28 November during <strong>Around 2024<\/strong>, the annual meeting of the <strong>AIS Authorised Entities<\/strong>. <\/p>\n\n<p>The round table was moderated by Mar\u00eda Jes\u00fas Conde, head of the Technical Department of Fundaci\u00f3n ARS, and comprised Cristina Fern\u00e1ndez, Associate Director of the technical area of Property Management at S<a href=\"https:\/\/www.savills.es\/\">avills<\/a>; Ana Navas, Urban Planner in the Cities, Planning and Design department of <a href=\"https:\/\/www.arup.com\/\">Arup<\/a> Madrid; and David Prieto, President of the association for the defence of the right to web accessibility (<a href=\"https:\/\/addaw.org\/es\">ADDAW<\/a>).<\/p>\n\n<div class=\"wp-block-columns is-layout-flex wp-container-core-columns-is-layout-28f84493 wp-block-columns-is-layout-flex\">\n<div class=\"wp-block-column is-layout-flow wp-block-column-is-layout-flow\" style=\"flex-basis:100%\">\n<div class=\"wp-block-columns is-layout-flex wp-container-core-columns-is-layout-28f84493 wp-block-columns-is-layout-flex\">\n<div class=\"wp-block-column is-layout-flow wp-block-column-is-layout-flow\" style=\"flex-basis:33.33%\">\n<figure class=\"wp-block-image size-large\"><img loading=\"lazy\" decoding=\"async\" width=\"962\" height=\"1024\" src=\"https:\/\/aiscertificacion.com\/wp-content\/uploads\/2024\/12\/accesibilidadporusosdetalle3-1-962x1024.jpeg\" alt=\"Cristina Fern&#xE1;ndez, during the round table on accessibility by use.\" class=\"wp-image-26121\" srcset=\"https:\/\/aiscertificacion.com\/wp-content\/uploads\/2024\/12\/accesibilidadporusosdetalle3-1-962x1024.jpeg 962w, https:\/\/aiscertificacion.com\/wp-content\/uploads\/2024\/12\/accesibilidadporusosdetalle3-1-282x300.jpeg 282w, https:\/\/aiscertificacion.com\/wp-content\/uploads\/2024\/12\/accesibilidadporusosdetalle3-1-768x818.jpeg 768w, https:\/\/aiscertificacion.com\/wp-content\/uploads\/2024\/12\/accesibilidadporusosdetalle3-1.jpeg 1099w\" sizes=\"auto, (max-width: 962px) 100vw, 962px\" \/><\/figure><\/div>\n\n\n\n<div class=\"wp-block-column is-layout-flow wp-block-column-is-layout-flow\" style=\"flex-basis:66.66%\">\n<p>\u2018<strong>An accessible design adapts spaces to the needs of all, guaranteeing inclusion and functionality<\/strong>\u2019, said Cristina Fern\u00e1ndez, who explained that \u201cnowadays accessibility is not only one of the most important parts of the regulations, but also works according to use, and special emphasis is placed on the user of the building\u201d. <\/p>\n\n\n\n<p>\u2018It&#8217;s not just about applying general criteria but about focusing on the user, because in the end <strong>it&#8217;s the people who use the spaces<\/strong>,\u2019 concluded the Associate Director of the technical area of Property Management at Savills.<\/p>\n<\/div>\n<\/div>\n<\/div>\n<\/div>\n\n<p>For her part, Ana Navas considered that, although compliance with the Technical Code is important, <strong>\u2018each of the uses has a type of user<\/strong> and we as consultants must help to guide how to make this space more usable, more accessible to all\u2019.<\/p>\n\n<p>In the digital sphere, David Prieto agreed with the analysis. \u2018<strong>The key is to focus on people<\/strong>. \u2018It is about understanding that the digital application is going to be used in different ways by different people, that it must be adapted to the needs of those people and that it must be able to be used on equal terms by everyone,\u2019 he concluded. <\/p>\n\n<h2 class=\"wp-block-heading has-large-font-size\" id=\"h-usabilidad-y-accesibilidad\">Usability and accessibility<\/h2>\n\n<div class=\"wp-block-columns is-layout-flex wp-container-core-columns-is-layout-28f84493 wp-block-columns-is-layout-flex\">\n<div class=\"wp-block-column is-layout-flow wp-block-column-is-layout-flow\" style=\"flex-basis:66.66%\">\n<p>Also discussed during the round table \u2018Accessibility by use\u2019 was the relationship between the terms usability and accessibility, concepts that \u2018<strong>are directly linked<\/strong>\u2019, according to David Prieto.<\/p>\n\n\n\n<p>\u2018When we talk about accessibility we go to extremes, for example, to the person who cannot use the mouse, but it is not like that, accessibility affects many more people. It is to understand that <strong>when you make something more accessible you also make it more usable<\/strong>,\u2019 said the president of the Association for the Defence of the Right to Web Accessibility. <\/p>\n<\/div>\n\n\n\n<div class=\"wp-block-column is-layout-flow wp-block-column-is-layout-flow\" style=\"flex-basis:33.33%\">\n<figure class=\"wp-block-image size-large is-resized\"><img loading=\"lazy\" decoding=\"async\" width=\"867\" height=\"1024\" src=\"https:\/\/aiscertificacion.com\/wp-content\/uploads\/2024\/12\/accesibilidadporusos_detalle-867x1024.jpeg\" alt=\"David Prieto participates in the round table on accessibility by use.\" class=\"wp-image-26124\" style=\"width:212px;height:auto\" srcset=\"https:\/\/aiscertificacion.com\/wp-content\/uploads\/2024\/12\/accesibilidadporusos_detalle-867x1024.jpeg 867w, https:\/\/aiscertificacion.com\/wp-content\/uploads\/2024\/12\/accesibilidadporusos_detalle-254x300.jpeg 254w, https:\/\/aiscertificacion.com\/wp-content\/uploads\/2024\/12\/accesibilidadporusos_detalle-768x907.jpeg 768w, https:\/\/aiscertificacion.com\/wp-content\/uploads\/2024\/12\/accesibilidadporusos_detalle-1301x1536.jpeg 1301w, https:\/\/aiscertificacion.com\/wp-content\/uploads\/2024\/12\/accesibilidadporusos_detalle-1734x2048.jpeg 1734w, https:\/\/aiscertificacion.com\/wp-content\/uploads\/2024\/12\/accesibilidadporusos_detalle.jpeg 1839w\" sizes=\"auto, (max-width: 867px) 100vw, 867px\" \/><\/figure><\/div>\n<\/div>\n\n<p>To this, Ana Navas pointed out: \u2018Any space has to be accessible, but <strong>each space has to be understood as unique<\/strong>\u2019.<\/p>\n\n<h3 class=\"wp-block-heading has-medium-font-size\" id=\"h-mas-informacion\">More information<\/h3>\n\n<ul class=\"wp-block-list\">\n<li><a href=\"https:\/\/aiscertificacion.com\/en\/social-sustainability-an-indisputable-concept\/\">Social sustainability: an indisputable concept.<\/a><\/li>\n\n\n\n<li><a href=\"https:\/\/aiscertificacion.com\/en\/authorised-entities-meet-at-around-2024\/\">Authorised entities meet in Around 2024.<\/a><\/li>\n<\/ul>\n\n<p><\/p>\n","protected":false},"excerpt":{"rendered":"<p>The person must be placed at the centre. This is one of the conclusions of the round table \u2018Accessibility by use\u2019, which took place on 28 November during Around 2024, the annual meeting of the AIS Authorised Entities. The round table was moderated by Mar\u00eda Jes\u00fas Conde, head of the Technical Department of Fundaci\u00f3n ARS, [&hellip;]<\/p>\n","protected":false},"author":3,"featured_media":26046,"comment_status":"open","ping_status":"open","sticky":false,"template":"","format":"standard","meta":{"footnotes":""},"categories":[304,319,1],"tags":[300,324,322],"class_list":["post-26132","post","type-post","status-publish","format-standard","has-post-thumbnail","hentry","category-accessibility-certificate","category-aiser-community","category-sin-categorizar","tag-accessibility-en","tag-approved-technician","tag-authorized-entity"],"yoast_head":"<!-- This site is optimized with the Yoast SEO Premium plugin v26.8 (Yoast SEO v26.8) - https:\/\/yoast.com\/product\/yoast-seo-premium-wordpress\/ -->\n<title>Accessibility by use: people at the centre - AIS Certificaci\u00f3n<\/title>\n<meta name=\"description\" content=\"The key to achieving accessibility by use is to put the person at the centre, according to the speakers at Around 2024.\" \/>\n<meta name=\"robots\" content=\"index, follow, max-snippet:-1, max-image-preview:large, max-video-preview:-1\" \/>\n<link rel=\"canonical\" href=\"https:\/\/aiscertificacion.com\/en\/accessibility-by-use-people-at-the-centre\/\" \/>\n<meta property=\"og:locale\" content=\"en_US\" \/>\n<meta property=\"og:type\" content=\"article\" \/>\n<meta property=\"og:title\" content=\"Accessibility by use: people at the centre\" \/>\n<meta property=\"og:description\" content=\"The key to achieving accessibility by use is to put the person at the centre, according to the speakers at Around 2024.\" \/>\n<meta property=\"og:url\" content=\"https:\/\/aiscertificacion.com\/en\/accessibility-by-use-people-at-the-centre\/\" \/>\n<meta property=\"og:site_name\" content=\"AIS Certificaci\u00f3n\" \/>\n<meta property=\"article:published_time\" content=\"2024-12-16T10:19:21+00:00\" \/>\n<meta property=\"article:modified_time\" content=\"2024-12-16T10:28:29+00:00\" \/>\n<meta property=\"og:image\" content=\"https:\/\/aiscertificacion.com\/wp-content\/uploads\/2024\/12\/Mesa_accesibilidadporusos1_baja-scaled.jpg\" \/>\n\t<meta property=\"og:image:width\" content=\"2560\" \/>\n\t<meta property=\"og:image:height\" content=\"1217\" \/>\n\t<meta property=\"og:image:type\" content=\"image\/jpeg\" \/>\n<meta name=\"author\" content=\"Liliana Pellicer\" \/>\n<meta name=\"twitter:card\" content=\"summary_large_image\" \/>\n<meta name=\"twitter:creator\" content=\"@aiscertificate\" \/>\n<meta name=\"twitter:site\" content=\"@aiscertificate\" \/>\n<meta name=\"twitter:label1\" content=\"Written by\" \/>\n\t<meta name=\"twitter:data1\" content=\"Liliana Pellicer\" \/>\n\t<meta name=\"twitter:label2\" content=\"Est. reading time\" \/>\n\t<meta name=\"twitter:data2\" content=\"2 minutes\" \/>\n<script type=\"application\/ld+json\" class=\"yoast-schema-graph\">{\"@context\":\"https:\/\/schema.org\",\"@graph\":[{\"@type\":\"Article\",\"@id\":\"https:\/\/aiscertificacion.com\/en\/accessibility-by-use-people-at-the-centre\/#article\",\"isPartOf\":{\"@id\":\"https:\/\/aiscertificacion.com\/en\/accessibility-by-use-people-at-the-centre\/\"},\"author\":{\"name\":\"Liliana Pellicer\",\"@id\":\"https:\/\/aiscertificacion.com\/en\/#\/schema\/person\/0d12531eb52b2cfc9c46ae48a4b79a53\"},\"headline\":\"Accessibility by use: people at the centre\",\"datePublished\":\"2024-12-16T10:19:21+00:00\",\"dateModified\":\"2024-12-16T10:28:29+00:00\",\"mainEntityOfPage\":{\"@id\":\"https:\/\/aiscertificacion.com\/en\/accessibility-by-use-people-at-the-centre\/\"},\"wordCount\":430,\"commentCount\":0,\"publisher\":{\"@id\":\"https:\/\/aiscertificacion.com\/en\/#organization\"},\"image\":{\"@id\":\"https:\/\/aiscertificacion.com\/en\/accessibility-by-use-people-at-the-centre\/#primaryimage\"},\"thumbnailUrl\":\"https:\/\/aiscertificacion.com\/wp-content\/uploads\/2024\/12\/Mesa_accesibilidadporusos1_baja-scaled.jpg\",\"keywords\":[\"accessibility\",\"Approved Technician\",\"Authorized Entity\"],\"articleSection\":[\"Accessibility certificate\",\"AISer Community\",\"Sin categorizar\"],\"inLanguage\":\"en-US\",\"potentialAction\":[{\"@type\":\"CommentAction\",\"name\":\"Comment\",\"target\":[\"https:\/\/aiscertificacion.com\/en\/accessibility-by-use-people-at-the-centre\/#respond\"]}]},{\"@type\":\"WebPage\",\"@id\":\"https:\/\/aiscertificacion.com\/en\/accessibility-by-use-people-at-the-centre\/\",\"url\":\"https:\/\/aiscertificacion.com\/en\/accessibility-by-use-people-at-the-centre\/\",\"name\":\"Accessibility by use: people at the centre - AIS Certificaci\u00f3n\",\"isPartOf\":{\"@id\":\"https:\/\/aiscertificacion.com\/en\/#website\"},\"primaryImageOfPage\":{\"@id\":\"https:\/\/aiscertificacion.com\/en\/accessibility-by-use-people-at-the-centre\/#primaryimage\"},\"image\":{\"@id\":\"https:\/\/aiscertificacion.com\/en\/accessibility-by-use-people-at-the-centre\/#primaryimage\"},\"thumbnailUrl\":\"https:\/\/aiscertificacion.com\/wp-content\/uploads\/2024\/12\/Mesa_accesibilidadporusos1_baja-scaled.jpg\",\"datePublished\":\"2024-12-16T10:19:21+00:00\",\"dateModified\":\"2024-12-16T10:28:29+00:00\",\"description\":\"The key to achieving accessibility by use is to put the person at the centre, according to the speakers at Around 2024.\",\"breadcrumb\":{\"@id\":\"https:\/\/aiscertificacion.com\/en\/accessibility-by-use-people-at-the-centre\/#breadcrumb\"},\"inLanguage\":\"en-US\",\"potentialAction\":[{\"@type\":\"ReadAction\",\"target\":[\"https:\/\/aiscertificacion.com\/en\/accessibility-by-use-people-at-the-centre\/\"]}]},{\"@type\":\"ImageObject\",\"inLanguage\":\"en-US\",\"@id\":\"https:\/\/aiscertificacion.com\/en\/accessibility-by-use-people-at-the-centre\/#primaryimage\",\"url\":\"https:\/\/aiscertificacion.com\/wp-content\/uploads\/2024\/12\/Mesa_accesibilidadporusos1_baja-scaled.jpg\",\"contentUrl\":\"https:\/\/aiscertificacion.com\/wp-content\/uploads\/2024\/12\/Mesa_accesibilidadporusos1_baja-scaled.jpg\",\"width\":2560,\"height\":1217,\"caption\":\"Imagen general de los ponentes, la moderadora y la int\u00e9rprete de lengua de signos de la mesa redonda Accesibilidad por usos.\"},{\"@type\":\"BreadcrumbList\",\"@id\":\"https:\/\/aiscertificacion.com\/en\/accessibility-by-use-people-at-the-centre\/#breadcrumb\",\"itemListElement\":[{\"@type\":\"ListItem\",\"position\":1,\"name\":\"Portada\",\"item\":\"https:\/\/aiscertificacion.com\/en\/\"},{\"@type\":\"ListItem\",\"position\":2,\"name\":\"Accessibility by use: people at the centre\"}]},{\"@type\":\"WebSite\",\"@id\":\"https:\/\/aiscertificacion.com\/en\/#website\",\"url\":\"https:\/\/aiscertificacion.com\/en\/\",\"name\":\"AIS Certificaci\u00f3n\",\"description\":\"AIS Certificaci\u00f3n ofrece servicios especializados en accesibilidad, tanto f\u00edsica como digital, garantizando el cumplimiento de normativas internacionales. A trav\u00e9s de sus certificaciones, ayudan a las organizaciones a crear entornos inclusivos, mejorando la experiencia de todas las personas, incluidas aquellas con discapacidades, y asegurando que sus instalaciones y plataformas digitales sean accesibles para todos.\",\"publisher\":{\"@id\":\"https:\/\/aiscertificacion.com\/en\/#organization\"},\"alternateName\":\"AIS\",\"potentialAction\":[{\"@type\":\"SearchAction\",\"target\":{\"@type\":\"EntryPoint\",\"urlTemplate\":\"https:\/\/aiscertificacion.com\/en\/?s={search_term_string}\"},\"query-input\":{\"@type\":\"PropertyValueSpecification\",\"valueRequired\":true,\"valueName\":\"search_term_string\"}}],\"inLanguage\":\"en-US\"},{\"@type\":\"Organization\",\"@id\":\"https:\/\/aiscertificacion.com\/en\/#organization\",\"name\":\"AIS Certificaci\u00f3n\",\"alternateName\":\"AIS\",\"url\":\"https:\/\/aiscertificacion.com\/en\/\",\"logo\":{\"@type\":\"ImageObject\",\"inLanguage\":\"en-US\",\"@id\":\"https:\/\/aiscertificacion.com\/en\/#\/schema\/logo\/image\/\",\"url\":\"https:\/\/aiscertificacion.com\/wp-content\/uploads\/2024\/07\/cropped-Logo-AIS.png\",\"contentUrl\":\"https:\/\/aiscertificacion.com\/wp-content\/uploads\/2024\/07\/cropped-Logo-AIS.png\",\"width\":512,\"height\":512,\"caption\":\"AIS Certificaci\u00f3n\"},\"image\":{\"@id\":\"https:\/\/aiscertificacion.com\/en\/#\/schema\/logo\/image\/\"},\"sameAs\":[\"https:\/\/x.com\/aiscertificate\",\"https:\/\/www.youtube.com\/channel\/UCPDJy-hzmTRWhI1uTTeek5Q\",\"https:\/\/www.linkedin.com\/showcase\/aiscertificacion\/posts\/?feedView=all\"]},{\"@type\":\"Person\",\"@id\":\"https:\/\/aiscertificacion.com\/en\/#\/schema\/person\/0d12531eb52b2cfc9c46ae48a4b79a53\",\"name\":\"Liliana Pellicer\",\"image\":{\"@type\":\"ImageObject\",\"inLanguage\":\"en-US\",\"@id\":\"https:\/\/aiscertificacion.com\/en\/#\/schema\/person\/image\/\",\"url\":\"https:\/\/secure.gravatar.com\/avatar\/386eb3d29bbf39f665325bb134b7032218422558eea16b88a574d4d1150c2067?s=96&d=mm&r=g\",\"contentUrl\":\"https:\/\/secure.gravatar.com\/avatar\/386eb3d29bbf39f665325bb134b7032218422558eea16b88a574d4d1150c2067?s=96&d=mm&r=g\",\"caption\":\"Liliana Pellicer\"},\"url\":\"https:\/\/aiscertificacion.com\/en\/author\/liliana\/\"}]}<\/script>\n<!-- \/ Yoast SEO Premium plugin. -->","yoast_head_json":{"title":"Accessibility by use: people at the centre - AIS Certificaci\u00f3n","description":"The key to achieving accessibility by use is to put the person at the centre, according to the speakers at Around 2024.","robots":{"index":"index","follow":"follow","max-snippet":"max-snippet:-1","max-image-preview":"max-image-preview:large","max-video-preview":"max-video-preview:-1"},"canonical":"https:\/\/aiscertificacion.com\/en\/accessibility-by-use-people-at-the-centre\/","og_locale":"en_US","og_type":"article","og_title":"Accessibility by use: people at the centre","og_description":"The key to achieving accessibility by use is to put the person at the centre, according to the speakers at Around 2024.","og_url":"https:\/\/aiscertificacion.com\/en\/accessibility-by-use-people-at-the-centre\/","og_site_name":"AIS Certificaci\u00f3n","article_published_time":"2024-12-16T10:19:21+00:00","article_modified_time":"2024-12-16T10:28:29+00:00","og_image":[{"width":2560,"height":1217,"url":"https:\/\/aiscertificacion.com\/wp-content\/uploads\/2024\/12\/Mesa_accesibilidadporusos1_baja-scaled.jpg","type":"image\/jpeg"}],"author":"Liliana Pellicer","twitter_card":"summary_large_image","twitter_creator":"@aiscertificate","twitter_site":"@aiscertificate","twitter_misc":{"Written by":"Liliana Pellicer","Est. reading time":"2 minutes"},"schema":{"@context":"https:\/\/schema.org","@graph":[{"@type":"Article","@id":"https:\/\/aiscertificacion.com\/en\/accessibility-by-use-people-at-the-centre\/#article","isPartOf":{"@id":"https:\/\/aiscertificacion.com\/en\/accessibility-by-use-people-at-the-centre\/"},"author":{"name":"Liliana Pellicer","@id":"https:\/\/aiscertificacion.com\/en\/#\/schema\/person\/0d12531eb52b2cfc9c46ae48a4b79a53"},"headline":"Accessibility by use: people at the centre","datePublished":"2024-12-16T10:19:21+00:00","dateModified":"2024-12-16T10:28:29+00:00","mainEntityOfPage":{"@id":"https:\/\/aiscertificacion.com\/en\/accessibility-by-use-people-at-the-centre\/"},"wordCount":430,"commentCount":0,"publisher":{"@id":"https:\/\/aiscertificacion.com\/en\/#organization"},"image":{"@id":"https:\/\/aiscertificacion.com\/en\/accessibility-by-use-people-at-the-centre\/#primaryimage"},"thumbnailUrl":"https:\/\/aiscertificacion.com\/wp-content\/uploads\/2024\/12\/Mesa_accesibilidadporusos1_baja-scaled.jpg","keywords":["accessibility","Approved Technician","Authorized Entity"],"articleSection":["Accessibility certificate","AISer Community","Sin categorizar"],"inLanguage":"en-US","potentialAction":[{"@type":"CommentAction","name":"Comment","target":["https:\/\/aiscertificacion.com\/en\/accessibility-by-use-people-at-the-centre\/#respond"]}]},{"@type":"WebPage","@id":"https:\/\/aiscertificacion.com\/en\/accessibility-by-use-people-at-the-centre\/","url":"https:\/\/aiscertificacion.com\/en\/accessibility-by-use-people-at-the-centre\/","name":"Accessibility by use: people at the centre - AIS Certificaci\u00f3n","isPartOf":{"@id":"https:\/\/aiscertificacion.com\/en\/#website"},"primaryImageOfPage":{"@id":"https:\/\/aiscertificacion.com\/en\/accessibility-by-use-people-at-the-centre\/#primaryimage"},"image":{"@id":"https:\/\/aiscertificacion.com\/en\/accessibility-by-use-people-at-the-centre\/#primaryimage"},"thumbnailUrl":"https:\/\/aiscertificacion.com\/wp-content\/uploads\/2024\/12\/Mesa_accesibilidadporusos1_baja-scaled.jpg","datePublished":"2024-12-16T10:19:21+00:00","dateModified":"2024-12-16T10:28:29+00:00","description":"The key to achieving accessibility by use is to put the person at the centre, according to the speakers at Around 2024.","breadcrumb":{"@id":"https:\/\/aiscertificacion.com\/en\/accessibility-by-use-people-at-the-centre\/#breadcrumb"},"inLanguage":"en-US","potentialAction":[{"@type":"ReadAction","target":["https:\/\/aiscertificacion.com\/en\/accessibility-by-use-people-at-the-centre\/"]}]},{"@type":"ImageObject","inLanguage":"en-US","@id":"https:\/\/aiscertificacion.com\/en\/accessibility-by-use-people-at-the-centre\/#primaryimage","url":"https:\/\/aiscertificacion.com\/wp-content\/uploads\/2024\/12\/Mesa_accesibilidadporusos1_baja-scaled.jpg","contentUrl":"https:\/\/aiscertificacion.com\/wp-content\/uploads\/2024\/12\/Mesa_accesibilidadporusos1_baja-scaled.jpg","width":2560,"height":1217,"caption":"Imagen general de los ponentes, la moderadora y la int\u00e9rprete de lengua de signos de la mesa redonda Accesibilidad por usos."},{"@type":"BreadcrumbList","@id":"https:\/\/aiscertificacion.com\/en\/accessibility-by-use-people-at-the-centre\/#breadcrumb","itemListElement":[{"@type":"ListItem","position":1,"name":"Portada","item":"https:\/\/aiscertificacion.com\/en\/"},{"@type":"ListItem","position":2,"name":"Accessibility by use: people at the centre"}]},{"@type":"WebSite","@id":"https:\/\/aiscertificacion.com\/en\/#website","url":"https:\/\/aiscertificacion.com\/en\/","name":"AIS Certificaci\u00f3n","description":"AIS Certificaci\u00f3n ofrece servicios especializados en accesibilidad, tanto f\u00edsica como digital, garantizando el cumplimiento de normativas internacionales. A trav\u00e9s de sus certificaciones, ayudan a las organizaciones a crear entornos inclusivos, mejorando la experiencia de todas las personas, incluidas aquellas con discapacidades, y asegurando que sus instalaciones y plataformas digitales sean accesibles para todos.","publisher":{"@id":"https:\/\/aiscertificacion.com\/en\/#organization"},"alternateName":"AIS","potentialAction":[{"@type":"SearchAction","target":{"@type":"EntryPoint","urlTemplate":"https:\/\/aiscertificacion.com\/en\/?s={search_term_string}"},"query-input":{"@type":"PropertyValueSpecification","valueRequired":true,"valueName":"search_term_string"}}],"inLanguage":"en-US"},{"@type":"Organization","@id":"https:\/\/aiscertificacion.com\/en\/#organization","name":"AIS Certificaci\u00f3n","alternateName":"AIS","url":"https:\/\/aiscertificacion.com\/en\/","logo":{"@type":"ImageObject","inLanguage":"en-US","@id":"https:\/\/aiscertificacion.com\/en\/#\/schema\/logo\/image\/","url":"https:\/\/aiscertificacion.com\/wp-content\/uploads\/2024\/07\/cropped-Logo-AIS.png","contentUrl":"https:\/\/aiscertificacion.com\/wp-content\/uploads\/2024\/07\/cropped-Logo-AIS.png","width":512,"height":512,"caption":"AIS Certificaci\u00f3n"},"image":{"@id":"https:\/\/aiscertificacion.com\/en\/#\/schema\/logo\/image\/"},"sameAs":["https:\/\/x.com\/aiscertificate","https:\/\/www.youtube.com\/channel\/UCPDJy-hzmTRWhI1uTTeek5Q","https:\/\/www.linkedin.com\/showcase\/aiscertificacion\/posts\/?feedView=all"]},{"@type":"Person","@id":"https:\/\/aiscertificacion.com\/en\/#\/schema\/person\/0d12531eb52b2cfc9c46ae48a4b79a53","name":"Liliana Pellicer","image":{"@type":"ImageObject","inLanguage":"en-US","@id":"https:\/\/aiscertificacion.com\/en\/#\/schema\/person\/image\/","url":"https:\/\/secure.gravatar.com\/avatar\/386eb3d29bbf39f665325bb134b7032218422558eea16b88a574d4d1150c2067?s=96&d=mm&r=g","contentUrl":"https:\/\/secure.gravatar.com\/avatar\/386eb3d29bbf39f665325bb134b7032218422558eea16b88a574d4d1150c2067?s=96&d=mm&r=g","caption":"Liliana Pellicer"},"url":"https:\/\/aiscertificacion.com\/en\/author\/liliana\/"}]}},"_links":{"self":[{"href":"https:\/\/aiscertificacion.com\/en\/wp-json\/wp\/v2\/posts\/26132","targetHints":{"allow":["GET"]}}],"collection":[{"href":"https:\/\/aiscertificacion.com\/en\/wp-json\/wp\/v2\/posts"}],"about":[{"href":"https:\/\/aiscertificacion.com\/en\/wp-json\/wp\/v2\/types\/post"}],"author":[{"embeddable":true,"href":"https:\/\/aiscertificacion.com\/en\/wp-json\/wp\/v2\/users\/3"}],"replies":[{"embeddable":true,"href":"https:\/\/aiscertificacion.com\/en\/wp-json\/wp\/v2\/comments?post=26132"}],"version-history":[{"count":1,"href":"https:\/\/aiscertificacion.com\/en\/wp-json\/wp\/v2\/posts\/26132\/revisions"}],"predecessor-version":[{"id":26133,"href":"https:\/\/aiscertificacion.com\/en\/wp-json\/wp\/v2\/posts\/26132\/revisions\/26133"}],"wp:featuredmedia":[{"embeddable":true,"href":"https:\/\/aiscertificacion.com\/en\/wp-json\/wp\/v2\/media\/26046"}],"wp:attachment":[{"href":"https:\/\/aiscertificacion.com\/en\/wp-json\/wp\/v2\/media?parent=26132"}],"wp:term":[{"taxonomy":"category","embeddable":true,"href":"https:\/\/aiscertificacion.com\/en\/wp-json\/wp\/v2\/categories?post=26132"},{"taxonomy":"post_tag","embeddable":true,"href":"https:\/\/aiscertificacion.com\/en\/wp-json\/wp\/v2\/tags?post=26132"}],"curies":[{"name":"wp","href":"https:\/\/api.w.org\/{rel}","templated":true}]}}