{"id":27755,"date":"2026-04-27T10:01:30","date_gmt":"2026-04-27T10:01:30","guid":{"rendered":"https:\/\/aiscertificacion.com\/cunef-obtains-5-ais-stars-for-the-almansa-campus\/"},"modified":"2026-04-27T10:14:05","modified_gmt":"2026-04-27T10:14:05","slug":"cunef-obtains-5-ais-stars-for-the-almansa-campus","status":"publish","type":"post","link":"https:\/\/aiscertificacion.com\/en\/cunef-obtains-5-ais-stars-for-the-almansa-campus\/","title":{"rendered":"CUNEF obtains 5 AIS Stars for the Almansa campus"},"content":{"rendered":"\n<ul class=\"wp-block-list\">\n<li>It becomes the <strong>first private Campus at international level<\/strong> to obtain this certification and it does so with the highest score, 5 stars.<\/li>\n\n\n\n<li>The recognition, awarded to the Almansa Campus, places the institution as a benchmark in accessibility and consolidates <strong>its commitment to barrier-free higher education.<\/strong><\/li>\n<\/ul>\n\n<div class=\"wp-block-columns is-layout-flex wp-container-core-columns-is-layout-28f84493 wp-block-columns-is-layout-flex\">\n<div class=\"wp-block-column is-layout-flow wp-block-column-is-layout-flow\">\n<p>CUNEF University has been awarded the Accessibility Indicator System (AIS) certification with 5 stars, the highest possible rating, making its Almansa Campus in Madrid the first private university in the world to achieve this distinction. This milestone underscores the institution&#8217;s commitment to creating a fully accessible educational environment for its entire community, in line with its academic excellence. <\/p>\n<\/div>\n\n\n\n<div class=\"wp-block-column is-layout-flow wp-block-column-is-layout-flow\">\n<figure class=\"wp-block-image size-large\"><img loading=\"lazy\" decoding=\"async\" width=\"1024\" height=\"683\" src=\"https:\/\/aiscertificacion.com\/wp-content\/uploads\/2026\/04\/placa_baja-1024x683.jpg\" alt=\"AIS plaque with the CUNEF sign on its back\" class=\"wp-image-27748\" srcset=\"https:\/\/aiscertificacion.com\/wp-content\/uploads\/2026\/04\/placa_baja-1024x683.jpg 1024w, https:\/\/aiscertificacion.com\/wp-content\/uploads\/2026\/04\/placa_baja-300x200.jpg 300w, https:\/\/aiscertificacion.com\/wp-content\/uploads\/2026\/04\/placa_baja-768x512.jpg 768w, https:\/\/aiscertificacion.com\/wp-content\/uploads\/2026\/04\/placa_baja-1536x1024.jpg 1536w, https:\/\/aiscertificacion.com\/wp-content\/uploads\/2026\/04\/placa_baja-2048x1365.jpg 2048w\" sizes=\"auto, (max-width: 1024px) 100vw, 1024px\" \/><\/figure>\n<\/div>\n<\/div>\n\n<p>The certificate was presented at a ceremony held on campus, which was attended by Esther Bienes Pinedo, president of the Foundation for Accessibility and SR and AIS, who presented the award to Ana Isabel Fern\u00e1ndez, rector of CUNEF University.<\/p>\n\n<p>Ana Isabel Fern\u00e1ndez, President of CUNEF Universidad, expressed her gratitude for the recognition, stressing that<strong>&#8220;our priority is to ensure that everyone associated with the campus, and especially students, have the best environment in which to develop their talent.<\/strong> At CUNEF University we not only train the leaders of the future, but we do so with the responsibility of building a fairer and more equitable society, starting with our own campus&#8221;. <\/p>\n\n<blockquote class=\"wp-block-quote is-layout-flow wp-block-quote-is-layout-flow\">\n<p>&#8220;Accessible education is essential to ensure an inclusive society for all people.&#8221;<\/p>\n\n\n\n<p>Esther Bienes Pinedo, president of Fundaci\u00f3n ARS<\/p>\n<\/blockquote>\n\n<p>For her part, Esther Bienes Pinedo highlighted CUNEF&#8217;s great effort in terms of accessibility, recalling that &#8220;accessible education is essential to guarantee an inclusive society for everyone&#8221;.<\/p>\n\n<h2 class=\"wp-block-heading has-large-font-size\" id=\"h-las-claves-de-una-certificacion-de-maximo-nivel-para-cunef\">The keys to a top-level certification for CUNEF<\/h2>\n\n<p>To obtain this certification, the university underwent an <strong>exhaustive audit based on the AIS 1\/2023 standard.<\/strong> The process involved the evaluation of more than 1,500 control points in the four campus buildings, analyzing in detail key aspects such as<strong> physical itineraries, usability of services, inclusive communication and evacuation protocols<\/strong>.<\/p>\n\n<figure class=\"wp-block-image aligncenter size-large is-resized\"><img loading=\"lazy\" decoding=\"async\" width=\"1024\" height=\"683\" src=\"https:\/\/aiscertificacion.com\/wp-content\/uploads\/2026\/04\/grupo_baja-1024x683.jpg\" alt=\"Group of representatives at the presentation of the AIS plaque to CUNEF\" class=\"wp-image-27750\" style=\"aspect-ratio:1.4992801234764555;width:604px;height:auto\" srcset=\"https:\/\/aiscertificacion.com\/wp-content\/uploads\/2026\/04\/grupo_baja-1024x683.jpg 1024w, https:\/\/aiscertificacion.com\/wp-content\/uploads\/2026\/04\/grupo_baja-300x200.jpg 300w, https:\/\/aiscertificacion.com\/wp-content\/uploads\/2026\/04\/grupo_baja-768x512.jpg 768w, https:\/\/aiscertificacion.com\/wp-content\/uploads\/2026\/04\/grupo_baja-1536x1024.jpg 1536w, https:\/\/aiscertificacion.com\/wp-content\/uploads\/2026\/04\/grupo_baja-2048x1365.jpg 2048w\" sizes=\"auto, (max-width: 1024px) 100vw, 1024px\" \/><\/figure>\n\n<p>The achievement has been possible because the university has incorporated a series of key improvements such as classrooms with <strong>haptic signage and accessible furniture<\/strong>, adjustable whiteboards with support screens, or accessible counters equipped with magnetic loops in the library and other points, among many other measures.<\/p>\n\n<p>In addition, the synergy with the <strong>Churruca business park<\/strong>, where the campus is located, has provided a solid foundation for outdoor accessibility, which was already AIS certified.<\/p>\n\n<p>With this recognition, <strong>CUNEF University consolidates its position as a benchmark of excellence<\/strong> and accessibility in the higher education sector, leading the way towards a more equitable future for all.<\/p>\n\n<h3 class=\"wp-block-heading has-large-font-size\" id=\"h-mas-informacion\">More information<\/h3>\n\n<ul class=\"wp-block-list\">\n<li><a href=\"https:\/\/www.europapress.es\/videos\/video-cunef-universidad-obtiene-campus-almansa-maxima-certificacion-accesibilidad-ais-20260423170051.html\">Video of the AIS plaque award event at CUNEF.<\/a><\/li>\n\n\n\n<li><a href=\"https:\/\/youtu.be\/dmmgrcofmEY?si=E-uVJ8QkUolGZXZO\">CUNEF Almansa Campus accessibility video.<\/a><\/li>\n<\/ul>\n","protected":false},"excerpt":{"rendered":"<p>CUNEF University has been awarded the Accessibility Indicator System (AIS) certification with 5 stars, the highest possible rating, making its Almansa Campus in Madrid the first private university in the world to achieve this distinction. This milestone underscores the institution&#8217;s commitment to creating a fully accessible educational environment for its entire community, in line with [&hellip;]<\/p>\n","protected":false},"author":3,"featured_media":27747,"comment_status":"open","ping_status":"open","sticky":false,"template":"","format":"standard","meta":{"footnotes":""},"categories":[304,319,1],"tags":[],"class_list":["post-27755","post","type-post","status-publish","format-standard","has-post-thumbnail","hentry","category-accessibility-certificate","category-aiser-community","category-sin-categorizar"],"yoast_head":"<!-- This site is optimized with the Yoast SEO Premium plugin v26.8 (Yoast SEO v26.8) - https:\/\/yoast.com\/product\/yoast-seo-premium-wordpress\/ -->\n<title>CUNEF obtains 5 AIS Stars for the Almansa campus - AIS Certificaci\u00f3n<\/title>\n<meta name=\"description\" content=\"CUNEF makes its Almansa campus in Madrid the first private university campus in the world to be certified with 5 AIS Stars\" \/>\n<meta name=\"robots\" content=\"index, follow, max-snippet:-1, max-image-preview:large, max-video-preview:-1\" \/>\n<link rel=\"canonical\" href=\"https:\/\/aiscertificacion.com\/en\/cunef-obtains-5-ais-stars-for-the-almansa-campus\/\" \/>\n<meta property=\"og:locale\" content=\"en_US\" \/>\n<meta property=\"og:type\" content=\"article\" \/>\n<meta property=\"og:title\" content=\"CUNEF obtains 5 AIS Stars for the Almansa campus\" \/>\n<meta property=\"og:description\" content=\"CUNEF makes its Almansa campus in Madrid the first private university campus in the world to be certified with 5 AIS Stars\" \/>\n<meta property=\"og:url\" content=\"https:\/\/aiscertificacion.com\/en\/cunef-obtains-5-ais-stars-for-the-almansa-campus\/\" \/>\n<meta property=\"og:site_name\" content=\"AIS Certificaci\u00f3n\" \/>\n<meta property=\"article:published_time\" content=\"2026-04-27T10:01:30+00:00\" \/>\n<meta property=\"article:modified_time\" content=\"2026-04-27T10:14:05+00:00\" \/>\n<meta property=\"og:image\" content=\"https:\/\/aiscertificacion.com\/wp-content\/uploads\/2026\/04\/entrega2_baja-scaled.jpg\" \/>\n\t<meta property=\"og:image:width\" content=\"2560\" \/>\n\t<meta property=\"og:image:height\" content=\"1720\" \/>\n\t<meta property=\"og:image:type\" content=\"image\/jpeg\" \/>\n<meta name=\"author\" content=\"Liliana Pellicer\" \/>\n<meta name=\"twitter:card\" content=\"summary_large_image\" \/>\n<meta name=\"twitter:creator\" content=\"@aiscertificate\" \/>\n<meta name=\"twitter:site\" content=\"@aiscertificate\" \/>\n<meta name=\"twitter:label1\" content=\"Written by\" \/>\n\t<meta name=\"twitter:data1\" content=\"Liliana Pellicer\" \/>\n\t<meta name=\"twitter:label2\" content=\"Est. reading time\" \/>\n\t<meta name=\"twitter:data2\" content=\"2 minutes\" \/>\n<script type=\"application\/ld+json\" class=\"yoast-schema-graph\">{\"@context\":\"https:\/\/schema.org\",\"@graph\":[{\"@type\":\"Article\",\"@id\":\"https:\/\/aiscertificacion.com\/en\/cunef-obtains-5-ais-stars-for-the-almansa-campus\/#article\",\"isPartOf\":{\"@id\":\"https:\/\/aiscertificacion.com\/en\/cunef-obtains-5-ais-stars-for-the-almansa-campus\/\"},\"author\":{\"name\":\"Liliana Pellicer\",\"@id\":\"https:\/\/aiscertificacion.com\/en\/#\/schema\/person\/0d12531eb52b2cfc9c46ae48a4b79a53\"},\"headline\":\"CUNEF obtains 5 AIS Stars for the Almansa campus\",\"datePublished\":\"2026-04-27T10:01:30+00:00\",\"dateModified\":\"2026-04-27T10:14:05+00:00\",\"mainEntityOfPage\":{\"@id\":\"https:\/\/aiscertificacion.com\/en\/cunef-obtains-5-ais-stars-for-the-almansa-campus\/\"},\"wordCount\":443,\"commentCount\":0,\"publisher\":{\"@id\":\"https:\/\/aiscertificacion.com\/en\/#organization\"},\"image\":{\"@id\":\"https:\/\/aiscertificacion.com\/en\/cunef-obtains-5-ais-stars-for-the-almansa-campus\/#primaryimage\"},\"thumbnailUrl\":\"https:\/\/aiscertificacion.com\/wp-content\/uploads\/2026\/04\/entrega2_baja-scaled.jpg\",\"articleSection\":[\"Accessibility certificate\",\"AISer Community\",\"Sin categorizar\"],\"inLanguage\":\"en-US\",\"potentialAction\":[{\"@type\":\"CommentAction\",\"name\":\"Comment\",\"target\":[\"https:\/\/aiscertificacion.com\/en\/cunef-obtains-5-ais-stars-for-the-almansa-campus\/#respond\"]}]},{\"@type\":\"WebPage\",\"@id\":\"https:\/\/aiscertificacion.com\/en\/cunef-obtains-5-ais-stars-for-the-almansa-campus\/\",\"url\":\"https:\/\/aiscertificacion.com\/en\/cunef-obtains-5-ais-stars-for-the-almansa-campus\/\",\"name\":\"CUNEF obtains 5 AIS Stars for the Almansa campus - AIS Certificaci\u00f3n\",\"isPartOf\":{\"@id\":\"https:\/\/aiscertificacion.com\/en\/#website\"},\"primaryImageOfPage\":{\"@id\":\"https:\/\/aiscertificacion.com\/en\/cunef-obtains-5-ais-stars-for-the-almansa-campus\/#primaryimage\"},\"image\":{\"@id\":\"https:\/\/aiscertificacion.com\/en\/cunef-obtains-5-ais-stars-for-the-almansa-campus\/#primaryimage\"},\"thumbnailUrl\":\"https:\/\/aiscertificacion.com\/wp-content\/uploads\/2026\/04\/entrega2_baja-scaled.jpg\",\"datePublished\":\"2026-04-27T10:01:30+00:00\",\"dateModified\":\"2026-04-27T10:14:05+00:00\",\"description\":\"CUNEF makes its Almansa campus in Madrid the first private university campus in the world to be certified with 5 AIS Stars\",\"breadcrumb\":{\"@id\":\"https:\/\/aiscertificacion.com\/en\/cunef-obtains-5-ais-stars-for-the-almansa-campus\/#breadcrumb\"},\"inLanguage\":\"en-US\",\"potentialAction\":[{\"@type\":\"ReadAction\",\"target\":[\"https:\/\/aiscertificacion.com\/en\/cunef-obtains-5-ais-stars-for-the-almansa-campus\/\"]}]},{\"@type\":\"ImageObject\",\"inLanguage\":\"en-US\",\"@id\":\"https:\/\/aiscertificacion.com\/en\/cunef-obtains-5-ais-stars-for-the-almansa-campus\/#primaryimage\",\"url\":\"https:\/\/aiscertificacion.com\/wp-content\/uploads\/2026\/04\/entrega2_baja-scaled.jpg\",\"contentUrl\":\"https:\/\/aiscertificacion.com\/wp-content\/uploads\/2026\/04\/entrega2_baja-scaled.jpg\",\"width\":2560,\"height\":1720,\"caption\":\"AIS entrega la placa a CUNEF\"},{\"@type\":\"BreadcrumbList\",\"@id\":\"https:\/\/aiscertificacion.com\/en\/cunef-obtains-5-ais-stars-for-the-almansa-campus\/#breadcrumb\",\"itemListElement\":[{\"@type\":\"ListItem\",\"position\":1,\"name\":\"Portada\",\"item\":\"https:\/\/aiscertificacion.com\/en\/\"},{\"@type\":\"ListItem\",\"position\":2,\"name\":\"CUNEF obtains 5 AIS Stars for the Almansa campus\"}]},{\"@type\":\"WebSite\",\"@id\":\"https:\/\/aiscertificacion.com\/en\/#website\",\"url\":\"https:\/\/aiscertificacion.com\/en\/\",\"name\":\"AIS Certificaci\u00f3n\",\"description\":\"AIS Certificaci\u00f3n ofrece servicios especializados en accesibilidad, tanto f\u00edsica como digital, garantizando el cumplimiento de normativas internacionales. A trav\u00e9s de sus certificaciones, ayudan a las organizaciones a crear entornos inclusivos, mejorando la experiencia de todas las personas, incluidas aquellas con discapacidades, y asegurando que sus instalaciones y plataformas digitales sean accesibles para todos.\",\"publisher\":{\"@id\":\"https:\/\/aiscertificacion.com\/en\/#organization\"},\"alternateName\":\"AIS\",\"potentialAction\":[{\"@type\":\"SearchAction\",\"target\":{\"@type\":\"EntryPoint\",\"urlTemplate\":\"https:\/\/aiscertificacion.com\/en\/?s={search_term_string}\"},\"query-input\":{\"@type\":\"PropertyValueSpecification\",\"valueRequired\":true,\"valueName\":\"search_term_string\"}}],\"inLanguage\":\"en-US\"},{\"@type\":\"Organization\",\"@id\":\"https:\/\/aiscertificacion.com\/en\/#organization\",\"name\":\"AIS Certificaci\u00f3n\",\"alternateName\":\"AIS\",\"url\":\"https:\/\/aiscertificacion.com\/en\/\",\"logo\":{\"@type\":\"ImageObject\",\"inLanguage\":\"en-US\",\"@id\":\"https:\/\/aiscertificacion.com\/en\/#\/schema\/logo\/image\/\",\"url\":\"https:\/\/aiscertificacion.com\/wp-content\/uploads\/2024\/07\/cropped-Logo-AIS.png\",\"contentUrl\":\"https:\/\/aiscertificacion.com\/wp-content\/uploads\/2024\/07\/cropped-Logo-AIS.png\",\"width\":512,\"height\":512,\"caption\":\"AIS Certificaci\u00f3n\"},\"image\":{\"@id\":\"https:\/\/aiscertificacion.com\/en\/#\/schema\/logo\/image\/\"},\"sameAs\":[\"https:\/\/x.com\/aiscertificate\",\"https:\/\/www.youtube.com\/channel\/UCPDJy-hzmTRWhI1uTTeek5Q\",\"https:\/\/www.linkedin.com\/showcase\/aiscertificacion\/posts\/?feedView=all\"]},{\"@type\":\"Person\",\"@id\":\"https:\/\/aiscertificacion.com\/en\/#\/schema\/person\/0d12531eb52b2cfc9c46ae48a4b79a53\",\"name\":\"Liliana Pellicer\",\"image\":{\"@type\":\"ImageObject\",\"inLanguage\":\"en-US\",\"@id\":\"https:\/\/aiscertificacion.com\/en\/#\/schema\/person\/image\/\",\"url\":\"https:\/\/secure.gravatar.com\/avatar\/386eb3d29bbf39f665325bb134b7032218422558eea16b88a574d4d1150c2067?s=96&d=mm&r=g\",\"contentUrl\":\"https:\/\/secure.gravatar.com\/avatar\/386eb3d29bbf39f665325bb134b7032218422558eea16b88a574d4d1150c2067?s=96&d=mm&r=g\",\"caption\":\"Liliana Pellicer\"},\"url\":\"https:\/\/aiscertificacion.com\/en\/author\/liliana\/\"}]}<\/script>\n<!-- \/ Yoast SEO Premium plugin. -->","yoast_head_json":{"title":"CUNEF obtains 5 AIS Stars for the Almansa campus - AIS Certificaci\u00f3n","description":"CUNEF makes its Almansa campus in Madrid the first private university campus in the world to be certified with 5 AIS Stars","robots":{"index":"index","follow":"follow","max-snippet":"max-snippet:-1","max-image-preview":"max-image-preview:large","max-video-preview":"max-video-preview:-1"},"canonical":"https:\/\/aiscertificacion.com\/en\/cunef-obtains-5-ais-stars-for-the-almansa-campus\/","og_locale":"en_US","og_type":"article","og_title":"CUNEF obtains 5 AIS Stars for the Almansa campus","og_description":"CUNEF makes its Almansa campus in Madrid the first private university campus in the world to be certified with 5 AIS Stars","og_url":"https:\/\/aiscertificacion.com\/en\/cunef-obtains-5-ais-stars-for-the-almansa-campus\/","og_site_name":"AIS Certificaci\u00f3n","article_published_time":"2026-04-27T10:01:30+00:00","article_modified_time":"2026-04-27T10:14:05+00:00","og_image":[{"width":2560,"height":1720,"url":"https:\/\/aiscertificacion.com\/wp-content\/uploads\/2026\/04\/entrega2_baja-scaled.jpg","type":"image\/jpeg"}],"author":"Liliana Pellicer","twitter_card":"summary_large_image","twitter_creator":"@aiscertificate","twitter_site":"@aiscertificate","twitter_misc":{"Written by":"Liliana Pellicer","Est. reading time":"2 minutes"},"schema":{"@context":"https:\/\/schema.org","@graph":[{"@type":"Article","@id":"https:\/\/aiscertificacion.com\/en\/cunef-obtains-5-ais-stars-for-the-almansa-campus\/#article","isPartOf":{"@id":"https:\/\/aiscertificacion.com\/en\/cunef-obtains-5-ais-stars-for-the-almansa-campus\/"},"author":{"name":"Liliana Pellicer","@id":"https:\/\/aiscertificacion.com\/en\/#\/schema\/person\/0d12531eb52b2cfc9c46ae48a4b79a53"},"headline":"CUNEF obtains 5 AIS Stars for the Almansa campus","datePublished":"2026-04-27T10:01:30+00:00","dateModified":"2026-04-27T10:14:05+00:00","mainEntityOfPage":{"@id":"https:\/\/aiscertificacion.com\/en\/cunef-obtains-5-ais-stars-for-the-almansa-campus\/"},"wordCount":443,"commentCount":0,"publisher":{"@id":"https:\/\/aiscertificacion.com\/en\/#organization"},"image":{"@id":"https:\/\/aiscertificacion.com\/en\/cunef-obtains-5-ais-stars-for-the-almansa-campus\/#primaryimage"},"thumbnailUrl":"https:\/\/aiscertificacion.com\/wp-content\/uploads\/2026\/04\/entrega2_baja-scaled.jpg","articleSection":["Accessibility certificate","AISer Community","Sin categorizar"],"inLanguage":"en-US","potentialAction":[{"@type":"CommentAction","name":"Comment","target":["https:\/\/aiscertificacion.com\/en\/cunef-obtains-5-ais-stars-for-the-almansa-campus\/#respond"]}]},{"@type":"WebPage","@id":"https:\/\/aiscertificacion.com\/en\/cunef-obtains-5-ais-stars-for-the-almansa-campus\/","url":"https:\/\/aiscertificacion.com\/en\/cunef-obtains-5-ais-stars-for-the-almansa-campus\/","name":"CUNEF obtains 5 AIS Stars for the Almansa campus - AIS Certificaci\u00f3n","isPartOf":{"@id":"https:\/\/aiscertificacion.com\/en\/#website"},"primaryImageOfPage":{"@id":"https:\/\/aiscertificacion.com\/en\/cunef-obtains-5-ais-stars-for-the-almansa-campus\/#primaryimage"},"image":{"@id":"https:\/\/aiscertificacion.com\/en\/cunef-obtains-5-ais-stars-for-the-almansa-campus\/#primaryimage"},"thumbnailUrl":"https:\/\/aiscertificacion.com\/wp-content\/uploads\/2026\/04\/entrega2_baja-scaled.jpg","datePublished":"2026-04-27T10:01:30+00:00","dateModified":"2026-04-27T10:14:05+00:00","description":"CUNEF makes its Almansa campus in Madrid the first private university campus in the world to be certified with 5 AIS Stars","breadcrumb":{"@id":"https:\/\/aiscertificacion.com\/en\/cunef-obtains-5-ais-stars-for-the-almansa-campus\/#breadcrumb"},"inLanguage":"en-US","potentialAction":[{"@type":"ReadAction","target":["https:\/\/aiscertificacion.com\/en\/cunef-obtains-5-ais-stars-for-the-almansa-campus\/"]}]},{"@type":"ImageObject","inLanguage":"en-US","@id":"https:\/\/aiscertificacion.com\/en\/cunef-obtains-5-ais-stars-for-the-almansa-campus\/#primaryimage","url":"https:\/\/aiscertificacion.com\/wp-content\/uploads\/2026\/04\/entrega2_baja-scaled.jpg","contentUrl":"https:\/\/aiscertificacion.com\/wp-content\/uploads\/2026\/04\/entrega2_baja-scaled.jpg","width":2560,"height":1720,"caption":"AIS entrega la placa a CUNEF"},{"@type":"BreadcrumbList","@id":"https:\/\/aiscertificacion.com\/en\/cunef-obtains-5-ais-stars-for-the-almansa-campus\/#breadcrumb","itemListElement":[{"@type":"ListItem","position":1,"name":"Portada","item":"https:\/\/aiscertificacion.com\/en\/"},{"@type":"ListItem","position":2,"name":"CUNEF obtains 5 AIS Stars for the Almansa campus"}]},{"@type":"WebSite","@id":"https:\/\/aiscertificacion.com\/en\/#website","url":"https:\/\/aiscertificacion.com\/en\/","name":"AIS Certificaci\u00f3n","description":"AIS Certificaci\u00f3n ofrece servicios especializados en accesibilidad, tanto f\u00edsica como digital, garantizando el cumplimiento de normativas internacionales. A trav\u00e9s de sus certificaciones, ayudan a las organizaciones a crear entornos inclusivos, mejorando la experiencia de todas las personas, incluidas aquellas con discapacidades, y asegurando que sus instalaciones y plataformas digitales sean accesibles para todos.","publisher":{"@id":"https:\/\/aiscertificacion.com\/en\/#organization"},"alternateName":"AIS","potentialAction":[{"@type":"SearchAction","target":{"@type":"EntryPoint","urlTemplate":"https:\/\/aiscertificacion.com\/en\/?s={search_term_string}"},"query-input":{"@type":"PropertyValueSpecification","valueRequired":true,"valueName":"search_term_string"}}],"inLanguage":"en-US"},{"@type":"Organization","@id":"https:\/\/aiscertificacion.com\/en\/#organization","name":"AIS Certificaci\u00f3n","alternateName":"AIS","url":"https:\/\/aiscertificacion.com\/en\/","logo":{"@type":"ImageObject","inLanguage":"en-US","@id":"https:\/\/aiscertificacion.com\/en\/#\/schema\/logo\/image\/","url":"https:\/\/aiscertificacion.com\/wp-content\/uploads\/2024\/07\/cropped-Logo-AIS.png","contentUrl":"https:\/\/aiscertificacion.com\/wp-content\/uploads\/2024\/07\/cropped-Logo-AIS.png","width":512,"height":512,"caption":"AIS Certificaci\u00f3n"},"image":{"@id":"https:\/\/aiscertificacion.com\/en\/#\/schema\/logo\/image\/"},"sameAs":["https:\/\/x.com\/aiscertificate","https:\/\/www.youtube.com\/channel\/UCPDJy-hzmTRWhI1uTTeek5Q","https:\/\/www.linkedin.com\/showcase\/aiscertificacion\/posts\/?feedView=all"]},{"@type":"Person","@id":"https:\/\/aiscertificacion.com\/en\/#\/schema\/person\/0d12531eb52b2cfc9c46ae48a4b79a53","name":"Liliana Pellicer","image":{"@type":"ImageObject","inLanguage":"en-US","@id":"https:\/\/aiscertificacion.com\/en\/#\/schema\/person\/image\/","url":"https:\/\/secure.gravatar.com\/avatar\/386eb3d29bbf39f665325bb134b7032218422558eea16b88a574d4d1150c2067?s=96&d=mm&r=g","contentUrl":"https:\/\/secure.gravatar.com\/avatar\/386eb3d29bbf39f665325bb134b7032218422558eea16b88a574d4d1150c2067?s=96&d=mm&r=g","caption":"Liliana Pellicer"},"url":"https:\/\/aiscertificacion.com\/en\/author\/liliana\/"}]}},"_links":{"self":[{"href":"https:\/\/aiscertificacion.com\/en\/wp-json\/wp\/v2\/posts\/27755","targetHints":{"allow":["GET"]}}],"collection":[{"href":"https:\/\/aiscertificacion.com\/en\/wp-json\/wp\/v2\/posts"}],"about":[{"href":"https:\/\/aiscertificacion.com\/en\/wp-json\/wp\/v2\/types\/post"}],"author":[{"embeddable":true,"href":"https:\/\/aiscertificacion.com\/en\/wp-json\/wp\/v2\/users\/3"}],"replies":[{"embeddable":true,"href":"https:\/\/aiscertificacion.com\/en\/wp-json\/wp\/v2\/comments?post=27755"}],"version-history":[{"count":1,"href":"https:\/\/aiscertificacion.com\/en\/wp-json\/wp\/v2\/posts\/27755\/revisions"}],"predecessor-version":[{"id":27756,"href":"https:\/\/aiscertificacion.com\/en\/wp-json\/wp\/v2\/posts\/27755\/revisions\/27756"}],"wp:featuredmedia":[{"embeddable":true,"href":"https:\/\/aiscertificacion.com\/en\/wp-json\/wp\/v2\/media\/27747"}],"wp:attachment":[{"href":"https:\/\/aiscertificacion.com\/en\/wp-json\/wp\/v2\/media?parent=27755"}],"wp:term":[{"taxonomy":"category","embeddable":true,"href":"https:\/\/aiscertificacion.com\/en\/wp-json\/wp\/v2\/categories?post=27755"},{"taxonomy":"post_tag","embeddable":true,"href":"https:\/\/aiscertificacion.com\/en\/wp-json\/wp\/v2\/tags?post=27755"}],"curies":[{"name":"wp","href":"https:\/\/api.w.org\/{rel}","templated":true}]}}